{"id":1526,"date":"2015-09-13T09:48:02","date_gmt":"2015-09-13T09:48:02","guid":{"rendered":"http:\/\/stadlrogga.de\/stadl\/?p=1526"},"modified":"2015-11-18T18:48:25","modified_gmt":"2015-11-18T17:48:25","slug":"plauener-herbst-feiern-unter-freunden","status":"publish","type":"post","link":"http:\/\/stadlrogga.de\/stadl\/plauener-herbst-feiern-unter-freunden\/","title":{"rendered":"Plauener Herbst feiern unter Freunden"},"content":{"rendered":"<p><a href=\"http:\/\/stadlrogga.de\/stadl\/wp-content\/uploads\/2015\/09\/DSC08637.jpg\"><img loading=\"lazy\" decoding=\"async\" class=\"alignleft size-medium wp-image-1529\" src=\"http:\/\/stadlrogga.de\/stadl\/wp-content\/uploads\/2015\/09\/DSC08637-300x168.jpg\" alt=\"Mr.Feelgood auf dem Altmarkt zum Plauener Herbst\" width=\"300\" height=\"168\" srcset=\"http:\/\/stadlrogga.de\/stadl\/wp-content\/uploads\/2015\/09\/DSC08637-300x168.jpg 300w, http:\/\/stadlrogga.de\/stadl\/wp-content\/uploads\/2015\/09\/DSC08637-1024x574.jpg 1024w, http:\/\/stadlrogga.de\/stadl\/wp-content\/uploads\/2015\/09\/DSC08637-2x1.jpg 2w, http:\/\/stadlrogga.de\/stadl\/wp-content\/uploads\/2015\/09\/DSC08637.jpg 1123w\" sizes=\"auto, (max-width: 300px) 100vw, 300px\" \/><\/a>Zum Plauener Herbst haben wir schon lange nicht mehr gespielt und heuer war es das erste mal mit <a href=\"http:\/\/www.martin-reissmann.de\" target=\"_blank\">DJ Martin Rei\u00dfmann,<\/a>\u00a0 der auch in der\u00a0 <a href=\"http:\/\/www.initiative-plauen.de\" target=\"_blank\">Initiative Plauen<\/a> \u00a0mitwirkt, die dieses Fest veranstalten.<!--more--> Angereist waren wir recht zeitig und der Aufbau und Soundcheck ging auch Dank des Teams vom <a href=\"http:\/\/www.musikmarkt-plauen.de\/\" target=\"_blank\">Musik-Markt Plauen<\/a> sehr schnell. Allerdings lauern dann Gefahren f\u00fcr den Musiker, wenn er noch 90 Minuten bis zum Auftritt nichts zu tun hat, wie zum Beipiel \u00dcberzuckerung (Hyperglyc\u00e4mie) durch den Genuss von zuviel Cola oder Fruchts\u00e4ften.<\/p>\n<h2>Plauener Herbst Rock&#8217;n&#8217;Roll auf dem Altmarkt<\/h2>\n<p>Wir hatten ja auf facebook nach jemanden gesucht der mal ein paar Bilder machen k\u00f6nnte und wie es der Zufall will war unser Freund und langj\u00e4hriger musikalischer Weggef\u00e4hrte Konsti gerade mal wieder in seiner alten Heimat zusammen mit seiner Kamera. Die Bilder seht ihr hier:<\/p>\n<p><img decoding=\"async\" class=\"ngg_displayed_gallery mceItem\" src=\"http:\/\/stadlrogga.de\/stadl\/nextgen-attach_to_post\/preview\/id--1532\" alt=\"\" data-mce-placeholder=\"1\" \/><\/p>\n<p>Den Temperaturen der\u00a0 letzten Tage zu Folge bef\u00fcrchtete man schon frostige K\u00e4lte zum Plauener Herbst, aber dem war Gott sei Dank nicht so, mit 14 Grad kann man leben, auch wenn man sich nach diesen Megasommer\u00a0 erstmal daran gew\u00f6hnen muss. So ging es um 20.00Uhr los, nachdem DJ Martin Rei\u00dfmann die Leute auf dem Altmarkt schon eine Stunde unterhalten hatte. Auf dem Platz hatten sich\u00a0 um die Zeit schon eine Menge Besucher eingefunden und das obwohl im Lichthof ja auch voll war. In Plauen trifft man jede Menge alter Freunde wieder, leider sind die Pausen zu kurz um mit jedem sich mal mal ausf\u00fchrlich zu unterhalten. Vielleicht m\u00fcssten wir mal wieder in irgendeiner Kneipe in Plauen spielen. Das k\u00f6nnte dann ja Plauener Winter hei\u00dfen. In der letzten Runde gab es dann nat\u00fcrlich noch Musik aus Frankfurt, wie fr\u00fcher eben und da wir auch noch 10 Minuten \u00fcberzogen hatten blieben unserem DJ blo\u00df noch 4 Minuten um den Abend ausklingen zu lassen.<\/p>\n<h3 class=\"r\"><\/h3>\n","protected":false},"excerpt":{"rendered":"<p>Zum Plauener Herbst haben wir schon lange nicht mehr gespielt und heuer war es das erste mal mit DJ Martin Rei\u00dfmann,\u00a0 der auch in der\u00a0 Initiative Plauen \u00a0mitwirkt, die dieses Fest veranstalten.<\/p>\n","protected":false},"author":2,"featured_media":0,"comment_status":"open","ping_status":"open","sticky":false,"template":"","format":"standard","meta":{"footnotes":""},"categories":[1,6],"tags":[32,27],"class_list":{"0":"post-1526","1":"post","2":"type-post","3":"status-publish","4":"format-standard","6":"category-allgemein","7":"category-tourtagebuch","8":"tag-plauen","9":"tag-stadtfest","10":"czr-hentry"},"_links":{"self":[{"href":"http:\/\/stadlrogga.de\/stadl\/wp-json\/wp\/v2\/posts\/1526","targetHints":{"allow":["GET"]}}],"collection":[{"href":"http:\/\/stadlrogga.de\/stadl\/wp-json\/wp\/v2\/posts"}],"about":[{"href":"http:\/\/stadlrogga.de\/stadl\/wp-json\/wp\/v2\/types\/post"}],"author":[{"embeddable":true,"href":"http:\/\/stadlrogga.de\/stadl\/wp-json\/wp\/v2\/users\/2"}],"replies":[{"embeddable":true,"href":"http:\/\/stadlrogga.de\/stadl\/wp-json\/wp\/v2\/comments?post=1526"}],"version-history":[{"count":9,"href":"http:\/\/stadlrogga.de\/stadl\/wp-json\/wp\/v2\/posts\/1526\/revisions"}],"predecessor-version":[{"id":1537,"href":"http:\/\/stadlrogga.de\/stadl\/wp-json\/wp\/v2\/posts\/1526\/revisions\/1537"}],"wp:attachment":[{"href":"http:\/\/stadlrogga.de\/stadl\/wp-json\/wp\/v2\/media?parent=1526"}],"wp:term":[{"taxonomy":"category","embeddable":true,"href":"http:\/\/stadlrogga.de\/stadl\/wp-json\/wp\/v2\/categories?post=1526"},{"taxonomy":"post_tag","embeddable":true,"href":"http:\/\/stadlrogga.de\/stadl\/wp-json\/wp\/v2\/tags?post=1526"}],"curies":[{"name":"wp","href":"https:\/\/api.w.org\/{rel}","templated":true}]}}