{"id":1099,"date":"2015-08-04T20:55:19","date_gmt":"2015-08-04T20:55:19","guid":{"rendered":"http:\/\/stadlrogga.de\/stadl\/?p=1099"},"modified":"2015-11-18T18:56:30","modified_gmt":"2015-11-18T17:56:30","slug":"tolleter-sommerfest-das-megaevent-in-oberoesterreich","status":"publish","type":"post","link":"http:\/\/stadlrogga.de\/stadl\/tolleter-sommerfest-das-megaevent-in-oberoesterreich\/","title":{"rendered":"Tolleter Sommerfest das Megaevent in Ober\u00f6sterreich"},"content":{"rendered":"<p><a href=\"http:\/\/stadlrogga.de\/stadl\/wp-content\/uploads\/2015\/08\/TolleterSommerfestIMG_8171.jpg\"><img loading=\"lazy\" decoding=\"async\" class=\"alignleft size-medium wp-image-1101\" src=\"http:\/\/stadlrogga.de\/stadl\/wp-content\/uploads\/2015\/08\/TolleterSommerfestIMG_8171-300x200.jpg\" alt=\"Mr.Feelgood Tolleter Sommerfest\" width=\"300\" height=\"200\" srcset=\"http:\/\/stadlrogga.de\/stadl\/wp-content\/uploads\/2015\/08\/TolleterSommerfestIMG_8171-300x200.jpg 300w, http:\/\/stadlrogga.de\/stadl\/wp-content\/uploads\/2015\/08\/TolleterSommerfestIMG_8171-2x1.jpg 2w, http:\/\/stadlrogga.de\/stadl\/wp-content\/uploads\/2015\/08\/TolleterSommerfestIMG_8171.jpg 800w\" sizes=\"auto, (max-width: 300px) 100vw, 300px\" \/><\/a>Das <a href=\"http:\/\/www.ff-tolleterau.at\/tolleter-sommerfest\" target=\"_blank\">Tolleter Sommerfest<\/a> kennen wir schon seit 11 Jahren oder man k\u00f6nnte auch sagen erst seit 11 Jahren, denn dieses Fest gibt es schon seit 1966. Die Vorfreude war bei uns schon besonders gro\u00df weil wir das <a href=\"http:\/\/www.grieskirchner.at\/\" target=\"_blank\">Grie\u00dfkirchener Bier<\/a> ,was intern wegen den runden Kr\u00fcgen als kleine s\u00fc\u00dfe Kugeln bezeichnet wird , so gerne <!--more-->trinken. Aber zuerst mussten wir\u00a0 vormittags auf die Autobahn was bei der Hitze nicht gerade angenehm ist, doch diesmal wollten wir nicht wieder an irgendeiner Rastst\u00e4tte halt machen und kunterbunten Designerfra\u00df in stylischen Plastik und Pappverpackungen zu uns nehmen, sondern eine lokale Wirtschaft abseits des Highways besuchen. Deshalb ging es in Metten erstmal runter von der Autobahn zum <a href=\"http:\/\/www.zum-kloster.de\/\" target=\"_blank\">Gasthof am Kloster<\/a> die einen wirklich gem\u00fctlichen Biergarten haben und wirklich gutes und echtes Essen. Das sollte man wirklich dem Rastst\u00e4ttenfood vorziehen denn auch preislich macht&#8217;s keinen\u00a0 gro\u00dfen Unterschied.<\/p>\n<h2>Tolleter Sommerfest wird immer gr\u00f6\u00dfer<\/h2>\n<p>In Tolleterau hatten wir dann erstmal genug Zeit zum Soundcheck und\u00a0 f\u00fcr das gute Grie\u00dfkirchener Bier. Auch konnten wir den fr\u00fcheren Chef der Freiwilligen Feuerwehr Tolleterau begr\u00fc\u00dfen der von uns nur El Commandante genannt wird.<\/p>\n<p><img decoding=\"async\" class=\"ngg_displayed_gallery mceItem\" src=\"http:\/\/stadlrogga.de\/stadl\/nextgen-attach_to_post\/preview\/id--1108\" alt=\"\" data-mce-placeholder=\"1\" \/><\/p>\n<p>Nachdem am Donnerstag die Auftaktveranstaltung schon gut besucht war, str\u00f6mten am Freitag\u00a0 wieder Tausende zum Tolleter Sommerfest und feierten gleich bei\u00a0 unserer ersten Runde, als w\u00e4re \u00d6sterreich Europameister geworden. Das Publikum war auf alle F\u00e4lle weltmeisterlich und die Ausrichtung des Tolleter Sommerfest war wieder mal perfekt organisiert worden von der <a href=\"http:\/\/www.ff-tolleterau.at\/\" target=\"_blank\">Freiwilligen Feuerwehr Tolleterau<\/a> unter der F\u00fchrung von Thomas Wieser. Dieses Jahr haben wir es auch endlich mal geschafft zwei\u00a0 Titel von STS zu spielen, was bei den Leuten auch sehr gut ankam, dabei muss man bedenken das die Meisten im Publikum noch lange nicht das Licht der Welt erblickt hatten als diese Songs entstanden sind. Daf\u00fcr nochmal ein fettes &#8222;RESPEKT&#8220; von der Kapelle <a href=\"http:\/\/mrfeelgood.de\" target=\"_blank\">Mr.Feelgood<\/a>. Hoffen wir mal das unsere Freunde von der Feuerwehr, die vier Tage Dauerstress hatten, uns im Herbst zur Erlbacher Kirwe wieder besuchen kommen, so dass wir in Ruhe eins trinken k\u00f6nnen.<\/p>\n","protected":false},"excerpt":{"rendered":"<p>Das Tolleter Sommerfest kennen wir schon seit 11 Jahren oder man k\u00f6nnte auch sagen erst seit 11 Jahren, denn dieses Fest gibt es schon seit 1966. Die Vorfreude war bei uns schon besonders gro\u00df weil wir das Grie\u00dfkirchener Bier ,was intern wegen den runden Kr\u00fcgen als kleine s\u00fc\u00dfe Kugeln bezeichnet wird , so gerne<\/p>\n","protected":false},"author":2,"featured_media":0,"comment_status":"open","ping_status":"open","sticky":false,"template":"","format":"standard","meta":{"footnotes":""},"categories":[1,6],"tags":[38,37],"class_list":{"0":"post-1099","1":"post","2":"type-post","3":"status-publish","4":"format-standard","6":"category-allgemein","7":"category-tourtagebuch","8":"tag-oesterreich","9":"tag-tolleter-sommerfest","10":"czr-hentry"},"_links":{"self":[{"href":"http:\/\/stadlrogga.de\/stadl\/wp-json\/wp\/v2\/posts\/1099","targetHints":{"allow":["GET"]}}],"collection":[{"href":"http:\/\/stadlrogga.de\/stadl\/wp-json\/wp\/v2\/posts"}],"about":[{"href":"http:\/\/stadlrogga.de\/stadl\/wp-json\/wp\/v2\/types\/post"}],"author":[{"embeddable":true,"href":"http:\/\/stadlrogga.de\/stadl\/wp-json\/wp\/v2\/users\/2"}],"replies":[{"embeddable":true,"href":"http:\/\/stadlrogga.de\/stadl\/wp-json\/wp\/v2\/comments?post=1099"}],"version-history":[{"count":16,"href":"http:\/\/stadlrogga.de\/stadl\/wp-json\/wp\/v2\/posts\/1099\/revisions"}],"predecessor-version":[{"id":1117,"href":"http:\/\/stadlrogga.de\/stadl\/wp-json\/wp\/v2\/posts\/1099\/revisions\/1117"}],"wp:attachment":[{"href":"http:\/\/stadlrogga.de\/stadl\/wp-json\/wp\/v2\/media?parent=1099"}],"wp:term":[{"taxonomy":"category","embeddable":true,"href":"http:\/\/stadlrogga.de\/stadl\/wp-json\/wp\/v2\/categories?post=1099"},{"taxonomy":"post_tag","embeddable":true,"href":"http:\/\/stadlrogga.de\/stadl\/wp-json\/wp\/v2\/tags?post=1099"}],"curies":[{"name":"wp","href":"https:\/\/api.w.org\/{rel}","templated":true}]}}